{"id":37,"date":"2020-03-12T20:03:35","date_gmt":"2020-03-12T20:03:35","guid":{"rendered":"http:\/\/www.dan-syndrom.se\/?p=37"},"modified":"2020-03-12T20:03:35","modified_gmt":"2020-03-12T20:03:35","slug":"den-nya-led-belysningen-skiljer-sig-markant-fran-tidigare-generationer","status":"publish","type":"post","link":"http:\/\/www.dan-syndrom.se\/?p=37","title":{"rendered":"Den nya led belysningen skiljer sig markant fr\u00e5n tidigare generationer"},"content":{"rendered":"<p>Arbetslampor (eller truckbelysning som det kallas i folkmun i lagret), har tidigare blivit kritiserad f\u00f6r sin ljusbild. Tidigare modeller har haft en tendens att lysa in b\u00e5de hem och hus med sin v\u00e4ldigt h\u00f6ga kastl\u00e4ngd. Nyligen har dock lamporna setts \u00f6ver och uppgraderats.<\/p>\n<p>De nya arbetsbelysningen som finns ute p\u00e5 marknaden \u00e4r ett rej\u00e4lt uppsving fr\u00e5n tidigare modeller. Inte bara \u00e4r dioderna mer kraftfulla utan \u00e4ven tidigare n\u00e4mna reflektorer \u00e4r uppgraderade. Med de nya <a href=\"http:\/\/www.arbetsbelysningled.nu\/\">arbetslamporna<\/a> s\u00e5 bl\u00e4ndas inte personer i n\u00e4romr\u00e5det d\u00e5 ljuset nu mer inte riktas lika h\u00f6gt som innan. En v\u00e4lkommen f\u00f6rb\u00e4ttring av b\u00e5de yrkesk\u00e5r som grannskap. Sist men inte minst hj\u00e4lper och f\u00f6rb\u00e4ttrar s\u00e5klart dessa nya lampor rent s\u00e4kerhetsm\u00e4ssigt, d\u00e5 dioderna \u00e4r p\u00e5tagligt starkare men som sagt inte riktar ljuset f\u00f6r h\u00f6gt upp.<\/p>\n<p>Ytterligare n\u00e5gonting nytt f\u00f6r oss som arbetar inom branschen \u00e4r att fler och fler byter belysning i lagerlokalen. Det kan tyckas on\u00f6digt, men f\u00f6r oss sm\u00e5f\u00f6retagare g\u00e4ller det att se \u00f6ver alla on\u00f6diga utgifter. <a href=\"http:\/\/xn--grdsbelysning-pfb.nu\/\">G\u00e5rdsbelysning<\/a>, som nu anv\u00e4nds i v\u00e5rt lager, drivs av LED vilket minskat energif\u00f6rbrukningen avsev\u00e4rt. \u00c4ven ur milj\u00f6v\u00e4nligt perspektiv \u00e4r LED att f\u00f6redra d\u00e5 dessa lampor sl\u00e4pper ut mycket mindre koldioxid \u00e4r de f\u00f6r\u00e5ldrade halogenlamporna. Vi har \u00e4ven m\u00e4rkt att den nya g\u00e5rdsbelysningen inte flimrar lika mycket som den f\u00f6rra, och ljuset k\u00e4nns mer j\u00e4mt. En f\u00f6rdelaktig uppgradering fr\u00e5n alla perspektiv sett med andra ord.<\/p>\n","protected":false},"excerpt":{"rendered":"<p>Arbetslampor (eller truckbelysning som det kallas i folkmun i lagret), har tidigare blivit kritiserad f\u00f6r sin ljusbild. Tidigare modeller har haft en tendens att lysa in b\u00e5de hem och hus med sin v\u00e4ldigt h\u00f6ga kastl\u00e4ngd. Nyligen har dock lamporna setts \u00f6ver och uppgraderats. De nya arbetsbelysningen som finns ute p\u00e5 marknaden \u00e4r ett rej\u00e4lt uppsving [&hellip;]<\/p>\n","protected":false},"author":1,"featured_media":38,"comment_status":"open","ping_status":"open","sticky":false,"template":"","format":"standard","meta":[],"categories":[4],"tags":[],"_links":{"self":[{"href":"http:\/\/www.dan-syndrom.se\/index.php?rest_route=\/wp\/v2\/posts\/37"}],"collection":[{"href":"http:\/\/www.dan-syndrom.se\/index.php?rest_route=\/wp\/v2\/posts"}],"about":[{"href":"http:\/\/www.dan-syndrom.se\/index.php?rest_route=\/wp\/v2\/types\/post"}],"author":[{"embeddable":true,"href":"http:\/\/www.dan-syndrom.se\/index.php?rest_route=\/wp\/v2\/users\/1"}],"replies":[{"embeddable":true,"href":"http:\/\/www.dan-syndrom.se\/index.php?rest_route=%2Fwp%2Fv2%2Fcomments&post=37"}],"version-history":[{"count":1,"href":"http:\/\/www.dan-syndrom.se\/index.php?rest_route=\/wp\/v2\/posts\/37\/revisions"}],"predecessor-version":[{"id":39,"href":"http:\/\/www.dan-syndrom.se\/index.php?rest_route=\/wp\/v2\/posts\/37\/revisions\/39"}],"wp:featuredmedia":[{"embeddable":true,"href":"http:\/\/www.dan-syndrom.se\/index.php?rest_route=\/wp\/v2\/media\/38"}],"wp:attachment":[{"href":"http:\/\/www.dan-syndrom.se\/index.php?rest_route=%2Fwp%2Fv2%2Fmedia&parent=37"}],"wp:term":[{"taxonomy":"category","embeddable":true,"href":"http:\/\/www.dan-syndrom.se\/index.php?rest_route=%2Fwp%2Fv2%2Fcategories&post=37"},{"taxonomy":"post_tag","embeddable":true,"href":"http:\/\/www.dan-syndrom.se\/index.php?rest_route=%2Fwp%2Fv2%2Ftags&post=37"}],"curies":[{"name":"wp","href":"https:\/\/api.w.org\/{rel}","templated":true}]}}